{"id":7456,"date":"2026-08-25T14:02:12","date_gmt":"2026-08-25T12:02:12","guid":{"rendered":"https:\/\/biz.prawko.pl\/portal\/?p=7456"},"modified":"2026-08-25T14:02:13","modified_gmt":"2026-08-25T12:02:13","slug":"praktyczne-szkolenie-zagrozenia-ruch-drogowy-2026","status":"publish","type":"post","link":"https:\/\/biz.prawko.pl\/portal\/blog\/praktyczne-szkolenie-zagrozenia-ruch-drogowy-2026\/","title":{"rendered":"Praktyczne szkolenie z zagro\u017ce\u0144 w ruchu drogowym od 4 wrze\u015bnia 2026 r."},"content":{"rendered":"\n\n\n<p class=\"wp-block-paragraph\">24 sierpnia Rz\u0105dowe Centrum Legislacji opublikowa\u0142o Rozporz\u0105dzenie Ministra dotycz\u0105ce <strong>praktycznego szkolenia w zakresie zagro\u017ce\u0144 w ruchu drogowym<\/strong>. Rozporz\u0105dzenie okre\u015bla <strong>program szkolenia, wz\u00f3r za\u015bwiadczenia potwierdzaj\u0105cego jego uko\u0144czenie oraz wysoko\u015b\u0107 op\u0142aty za szkolenie<\/strong> w wysoko\u015bci 500z\u0142.<\/p>\n\n\n\n<h2 class=\"wp-block-heading\"><strong>Kogo obejmie obowi\u0105zkowe szkolenie dla kierowc\u00f3w?<\/strong><\/h2>\n\n\n\n<p class=\"wp-block-paragraph\"><strong>Szkolenie b\u0119dzie obowi\u0105zkowe dla kierowcy, kt\u00f3ry w okresie pr\u00f3bnym zdob\u0119dzie 12 punkt\u00f3w za naruszenie przepis\u00f3w ruchu drogowego.\u00a0<\/strong><br>Warto przypomnie\u0107, \u017ce okres pr\u00f3bny obejmie osoby, kt\u00f3re od 4 wrze\u015bnia 2026 r. po raz pierwszy uzyskaj\u0105 prawo jazdy kategorii B. Co do zasady potrwa on 2 lata. Jednak w przypadku kierowc\u00f3w, kt\u00f3rzy uzyskaj\u0105 uprawnienia w wieku 17 lat, okres pr\u00f3bny b\u0119dzie d\u0142u\u017cszy \u2014 potrwa 3 lata albo do uko\u0144czenia przez kierowc\u0119 20 lat.<\/p>\n\n\n\n<hr class=\"wp-block-separator has-alpha-channel-opacity\"\/>\n\n\n\n<h2 class=\"wp-block-heading\"><strong>Program praktycznego szkolenia kierowc\u00f3w<\/strong><\/h2>\n\n\n\n<p class=\"wp-block-paragraph\">Szczeg\u00f3\u0142owy program zosta\u0142 okre\u015blony w za\u0142\u0105czniku nr 1 do rozporz\u0105dzenia.<br>Szkolenie ma charakter praktyczny i obejmuje przede wszystkim \u0107wiczenia zwi\u0105zane z <strong>hamowaniem awaryjnym oraz utrat\u0105 panowania nad pojazdem<\/strong>.<\/p>\n\n\n\n<h3 class=\"wp-block-heading\">Hamowanie awaryjne przy r\u00f3\u017cnych pr\u0119dko\u015bciach<\/h3>\n\n\n\n<p class=\"wp-block-paragraph\">Pierwszym elementem jest hamowanie awaryjne na wprost podczas jazdy z pr\u0119dko\u015bci\u0105:<\/p>\n\n\n\n<ul class=\"wp-block-list\">\n<li>30 km\/h,<\/li>\n\n\n\n<li>60 km\/h,<\/li>\n\n\n\n<li>50 km\/h.<\/li>\n<\/ul>\n\n\n\n<p class=\"wp-block-paragraph\">Tak\u0105 kolejno\u015b\u0107 pr\u0119dko\u015bci wskazano wprost w rozporz\u0105dzeniu. Celem tego zadania jest pokazanie uczestnikowi, jak wraz ze wzrostem pr\u0119dko\u015bci zmienia si\u0119 droga hamowania.<\/p>\n\n\n\n<h3 class=\"wp-block-heading\">Jazda w zakr\u0119cie i utrata kontroli nad pojazdem<\/h3>\n\n\n\n<p class=\"wp-block-paragraph\">Drugim zadaniem jest <strong>jazda w zakr\u0119cie z r\u00f3\u017cnymi pr\u0119dko\u015bciami po\u0142\u0105czona z hamowaniem awaryjnym<\/strong>. <br>Ka\u017cdy uczestnik ma wykona\u0107 co najmniej dwa przejazdy. W trakcie \u0107wiczenia pr\u0119dko\u015b\u0107 b\u0119dzie stopniowo zwi\u0119kszana do poziomu, przy kt\u00f3rym panowanie nad pojazdem stanie si\u0119 niemo\u017cliwe.<br>Po utracie kontroli nad pojazdem uczestnik wykonuje hamowanie awaryjne. \u0106wiczenie ma pokaza\u0107, jak trudno utrzyma\u0107 w\u0142a\u015bciwy tor jazdy w zakr\u0119cie oraz opanowa\u0107 pojazd podczas hamowania po utracie kontroli.<\/p>\n\n\n\n<hr class=\"wp-block-separator has-alpha-channel-opacity\"\/>\n\n\n\n<h2 class=\"wp-block-heading\"><strong>Maksymalnie trzy osoby na jednego instruktora<\/strong><\/h2>\n\n\n\n<p class=\"wp-block-paragraph\"><strong>Jeden instruktor techniki jazdy mo\u017ce jednocze\u015bnie prowadzi\u0107 szkolenie maksymalnie dla trzech os\u00f3b.<\/strong><br>Ka\u017cdy uczestnik musi jednak wykona\u0107 wszystkie zadania przewidziane w programie.<\/p>\n\n\n\n<hr class=\"wp-block-separator has-alpha-channel-opacity\"\/>\n\n\n\n<h2 class=\"wp-block-heading\"><strong>Szkolenie os\u00f3b z niepe\u0142nosprawno\u015bciami<\/strong><\/h2>\n\n\n\n<p class=\"wp-block-paragraph\">Przepisy przewiduj\u0105 r\u00f3wnie\u017c rozwi\u0105zania dla os\u00f3b posiadaj\u0105cych w prawie jazdy ograniczenia zwi\u0105zane z kierowaniem pojazdami przystosowanymi do niepe\u0142nosprawno\u015bci.<\/p>\n\n\n\n<p class=\"wp-block-paragraph\">W takim przypadku \u0107wiczenia powinny odbywa\u0107 si\u0119 pojazdem odpowiednio przystosowanym, b\u0119d\u0105cym w dyspozycji o\u015brodka doskonalenia techniki jazdy.<br>Je\u017celi o\u015brodek nie posiada w\u0142a\u015bciwego pojazdu, szkolenie mo\u017ce zosta\u0107 przeprowadzone pojazdem zapewnionym przez osob\u0119 szkolon\u0105.<\/p>\n\n\n\n<p class=\"wp-block-paragraph\">Na uzasadniony wniosek uczestnika mo\u017cliwy jest r\u00f3wnie\u017c udzia\u0142 t\u0142umacza j\u0119zyka migowego lub systemu j\u0119zykowo-migowego.<\/p>\n\n\n\n<hr class=\"wp-block-separator has-alpha-channel-opacity\"\/>\n\n\n\n<h2 class=\"wp-block-heading\"><strong>Za\u015bwiadczenie po uko\u0144czeniu szkolenia<\/strong><\/h2>\n\n\n\n<p class=\"wp-block-paragraph\">Po uko\u0144czeniu praktycznego szkolenia wydawane b\u0119dzie odpowiednie <strong>za\u015bwiadczenie<\/strong>. Jego wz\u00f3r okre\u015blono w za\u0142\u0105czniku nr 2 do rozporz\u0105dzenia.<\/p>\n\n\n\n<hr class=\"wp-block-separator has-alpha-channel-opacity\"\/>\n\n\n\n<h2 class=\"wp-block-heading\"><strong>Praktyczne szkolenie kierowc\u00f3w \u2013 najwa\u017cniejsze informacje<\/strong><\/h2>\n\n\n\n<p class=\"wp-block-paragraph\">Najwa\u017cniejsze za\u0142o\u017cenia:<\/p>\n\n\n\n<ul class=\"wp-block-list\">\n<li>praktyczne szkolenie kierowc\u00f3w b\u0119dzie dotyczy\u0107 kierowc\u00f3w w okresie pr\u00f3bnym po uzyskaniu 12 punkt\u00f3w,<\/li>\n\n\n\n<li>zaj\u0119cia b\u0119d\u0105 prowadzone przez o\u015brodki doskonalenia techniki jazdy,<\/li>\n\n\n\n<li>koszt szkolenia to<strong> 500 z\u0142<\/strong>,<\/li>\n\n\n\n<li>program obejmie hamowanie awaryjne przy r\u00f3\u017cnych pr\u0119dko\u015bciach, jad\u0119 w zakr\u0119cie i hamowanie awaryjne,<\/li>\n\n\n\n<li>jeden instruktor mo\u017ce jednocze\u015bnie prowadzi\u0107 szkolenie dla maksymalnie <strong>3 os\u00f3b<\/strong>,<\/li>\n\n\n\n<li>po zako\u0144czeniu szkolenia wydawane b\u0119dzie <strong>za\u015bwiadczenie<\/strong><\/li>\n<\/ul>\n\n\n\n<hr class=\"wp-block-separator has-alpha-channel-opacity\"\/>\n\n\n\n<p class=\"wp-block-paragraph\">Przeczytaj: <a href=\"https:\/\/biz.prawko.pl\/portal\/blog\/okres-probny-prawo-jazdy-2026-limity-predkosci\/\">Okres pr\u00f3bny dla nowych kierowc\u00f3w od 3 wrze\u015bnia 2026 r. Czy b\u0119d\u0105 ni\u017csze limity pr\u0119dko\u015bci?<\/a><\/p>\n\n\n\n<p class=\"wp-block-paragraph\">Obserwuj nas!<\/p>\n\n\n\n<p class=\"wp-block-paragraph\"><a href=\"https:\/\/www.facebook.com\/bizprawkopl\/\">Facebook<\/a><\/p>\n\n\n\n<p class=\"wp-block-paragraph\"><\/p>\n","protected":false},"excerpt":{"rendered":"<p>24 sierpnia Rz\u0105dowe Centrum Legislacji opublikowa\u0142o Rozporz\u0105dzenie Ministra dotycz\u0105ce praktycznego szkolenia w zakresie zagro\u017ce\u0144 w ruchu drogowym. Rozporz\u0105dzenie okre\u015bla program szkolenia, wz\u00f3r za\u015bwiadczenia potwierdzaj\u0105cego jego uko\u0144czenie oraz wysoko\u015b\u0107 op\u0142aty za szkolenie w wysoko\u015bci 500z\u0142. Kogo obejmie obowi\u0105zkowe szkolenie dla kierowc\u00f3w? Szkolenie b\u0119dzie obowi\u0105zkowe dla kierowcy, kt\u00f3ry w okresie pr\u00f3bnym zdob\u0119dzie 12 punkt\u00f3w za naruszenie przepis\u00f3w&hellip;&nbsp;<a href=\"https:\/\/biz.prawko.pl\/portal\/blog\/praktyczne-szkolenie-zagrozenia-ruch-drogowy-2026\/\" class=\"\" rel=\"bookmark\">Czytaj dalej &raquo;<span class=\"screen-reader-text\">Praktyczne szkolenie z zagro\u017ce\u0144 w ruchu drogowym od 4 wrze\u015bnia 2026 r.<\/span><\/a><\/p>\n","protected":false},"author":11,"featured_media":7460,"comment_status":"closed","ping_status":"open","sticky":false,"template":"","format":"standard","meta":{"_coblocks_attr":"","_coblocks_dimensions":"","_coblocks_responsive_height":"","_coblocks_accordion_ie_support":"","_uag_custom_page_level_css":"","advgb_blocks_editor_width":"","advgb_blocks_columns_visual_guide":"","neve_meta_sidebar":"","neve_meta_container":"","neve_meta_enable_content_width":"","neve_meta_content_width":0,"neve_meta_title_alignment":"","neve_meta_author_avatar":"","neve_post_elements_order":"","neve_meta_disable_header":"","neve_meta_disable_footer":"","neve_meta_disable_title":"","_themeisle_gutenberg_block_has_review":false,"footnotes":""},"categories":[59],"tags":[291,295,196,89,260,176,66,294,292,135,288,147,118,258,293],"class_list":["post-7456","post","type-post","status-publish","format-standard","has-post-thumbnail","hentry","category-przepisy-prawne","tag-12-punktow-karnych","tag-instruktor-nauki-jady","tag-mlodzi-kierowcy","tag-nauka-jazdy","tag-odtj","tag-okres-probny","tag-osk","tag-osrodek-doskonalenia-techniki-jazdy","tag-praktyczne-szkolenie-kierowcow","tag-prawo-jazdy","tag-prawo-jazdy-od-17-lat","tag-punkty-karne","tag-szkola-jazdy","tag-szkolenie-kierowcow","tag-zagrozenia-w-ruchu-drogowym"],"yoast_head":"<!-- This site is optimized with the Yoast SEO plugin v24.7 - https:\/\/yoast.com\/wordpress\/plugins\/seo\/ -->\n<title>Praktyczne szkolenie z zagro\u017ce\u0144 w ruchu drogowym od 4 wrze\u015bnia 2026 r. Program Biz.prawko.pl<\/title>\n<meta name=\"description\" content=\"Od 4 wrze\u015bnia 2026 r. kierowcy w okresie pr\u00f3bnym po zdobyciu 12 punkt\u00f3w przejd\u0105 obowi\u0105zkowe szkolenie praktyczne. Koszt wyniesie 500 z\u0142.\" \/>\n<meta name=\"robots\" content=\"index, follow, max-snippet:-1, max-image-preview:large, max-video-preview:-1\" \/>\n<link rel=\"canonical\" href=\"https:\/\/biz.prawko.pl\/portal\/blog\/praktyczne-szkolenie-zagrozenia-ruch-drogowy-2026\/\" \/>\n<meta property=\"og:locale\" content=\"pl_PL\" \/>\n<meta property=\"og:type\" content=\"article\" \/>\n<meta property=\"og:title\" content=\"Praktyczne szkolenie z zagro\u017ce\u0144 w ruchu drogowym od 4 wrze\u015bnia 2026 r. Program Biz.prawko.pl\" \/>\n<meta property=\"og:description\" content=\"Od 4 wrze\u015bnia 2026 r. kierowcy w okresie pr\u00f3bnym po zdobyciu 12 punkt\u00f3w przejd\u0105 obowi\u0105zkowe szkolenie praktyczne. Koszt wyniesie 500 z\u0142.\" \/>\n<meta property=\"og:url\" content=\"https:\/\/biz.prawko.pl\/portal\/blog\/praktyczne-szkolenie-zagrozenia-ruch-drogowy-2026\/\" \/>\n<meta property=\"og:site_name\" content=\"Program Biz.prawko.pl\" \/>\n<meta property=\"article:publisher\" content=\"https:\/\/www.facebook.com\/bizprawkopl\" \/>\n<meta property=\"article:published_time\" content=\"2026-08-25T12:02:12+00:00\" \/>\n<meta property=\"article:modified_time\" content=\"2026-08-25T12:02:13+00:00\" \/>\n<meta property=\"og:image\" content=\"https:\/\/biz.prawko.pl\/portal\/wp-content\/uploads\/2026\/08\/ChatGPT-Image-25-sie-2026-13_57_37.jpg\" \/>\n\t<meta property=\"og:image:width\" content=\"1672\" \/>\n\t<meta property=\"og:image:height\" content=\"941\" \/>\n\t<meta property=\"og:image:type\" content=\"image\/jpeg\" \/>\n<meta name=\"author\" content=\"Aleksandra Sobolewska\" \/>\n<meta name=\"twitter:card\" content=\"summary_large_image\" \/>\n<meta name=\"twitter:label1\" content=\"Napisane przez\" \/>\n\t<meta name=\"twitter:data1\" content=\"Aleksandra Sobolewska\" \/>\n\t<meta name=\"twitter:label2\" content=\"Szacowany czas czytania\" \/>\n\t<meta name=\"twitter:data2\" content=\"3 minuty\" \/>\n<script type=\"application\/ld+json\" class=\"yoast-schema-graph\">{\"@context\":\"https:\/\/schema.org\",\"@graph\":[{\"@type\":\"Article\",\"@id\":\"https:\/\/biz.prawko.pl\/portal\/blog\/praktyczne-szkolenie-zagrozenia-ruch-drogowy-2026\/#article\",\"isPartOf\":{\"@id\":\"https:\/\/biz.prawko.pl\/portal\/blog\/praktyczne-szkolenie-zagrozenia-ruch-drogowy-2026\/\"},\"author\":{\"name\":\"Aleksandra Sobolewska\",\"@id\":\"https:\/\/biz.prawko.pl\/portal\/#\/schema\/person\/581a2c81280a5cc7170634b228a789a1\"},\"headline\":\"Praktyczne szkolenie z zagro\u017ce\u0144 w ruchu drogowym od 4 wrze\u015bnia 2026 r.\",\"datePublished\":\"2026-08-25T12:02:12+00:00\",\"dateModified\":\"2026-08-25T12:02:13+00:00\",\"mainEntityOfPage\":{\"@id\":\"https:\/\/biz.prawko.pl\/portal\/blog\/praktyczne-szkolenie-zagrozenia-ruch-drogowy-2026\/\"},\"wordCount\":584,\"publisher\":{\"@id\":\"https:\/\/biz.prawko.pl\/portal\/#organization\"},\"image\":{\"@id\":\"https:\/\/biz.prawko.pl\/portal\/blog\/praktyczne-szkolenie-zagrozenia-ruch-drogowy-2026\/#primaryimage\"},\"thumbnailUrl\":\"https:\/\/biz.prawko.pl\/portal\/wp-content\/uploads\/2026\/08\/ChatGPT-Image-25-sie-2026-13_57_37.jpg\",\"keywords\":[\"12 punkt\u00f3w karnych\",\"instruktor nauki jady\",\"m\u0142odzi kierowcy\",\"nauka jazdy\",\"odtj\",\"okres pr\u00f3bny\",\"OSK\",\"o\u015brodek doskonalenia techniki jazdy\",\"praktyczne szkolenie kierowc\u00f3w\",\"prawo jazdy\",\"prawo jazdy od 17 lat\",\"punkty karne\",\"szko\u0142a jazdy\",\"szkolenie kierowc\u00f3w\",\"zagro\u017cenia w ruchu drogowym\"],\"articleSection\":[\"Przepisy prawne\"],\"inLanguage\":\"pl-PL\"},{\"@type\":\"WebPage\",\"@id\":\"https:\/\/biz.prawko.pl\/portal\/blog\/praktyczne-szkolenie-zagrozenia-ruch-drogowy-2026\/\",\"url\":\"https:\/\/biz.prawko.pl\/portal\/blog\/praktyczne-szkolenie-zagrozenia-ruch-drogowy-2026\/\",\"name\":\"Praktyczne szkolenie z zagro\u017ce\u0144 w ruchu drogowym od 4 wrze\u015bnia 2026 r. Program Biz.prawko.pl\",\"isPartOf\":{\"@id\":\"https:\/\/biz.prawko.pl\/portal\/#website\"},\"primaryImageOfPage\":{\"@id\":\"https:\/\/biz.prawko.pl\/portal\/blog\/praktyczne-szkolenie-zagrozenia-ruch-drogowy-2026\/#primaryimage\"},\"image\":{\"@id\":\"https:\/\/biz.prawko.pl\/portal\/blog\/praktyczne-szkolenie-zagrozenia-ruch-drogowy-2026\/#primaryimage\"},\"thumbnailUrl\":\"https:\/\/biz.prawko.pl\/portal\/wp-content\/uploads\/2026\/08\/ChatGPT-Image-25-sie-2026-13_57_37.jpg\",\"datePublished\":\"2026-08-25T12:02:12+00:00\",\"dateModified\":\"2026-08-25T12:02:13+00:00\",\"description\":\"Od 4 wrze\u015bnia 2026 r. kierowcy w okresie pr\u00f3bnym po zdobyciu 12 punkt\u00f3w przejd\u0105 obowi\u0105zkowe szkolenie praktyczne. Koszt wyniesie 500 z\u0142.\",\"breadcrumb\":{\"@id\":\"https:\/\/biz.prawko.pl\/portal\/blog\/praktyczne-szkolenie-zagrozenia-ruch-drogowy-2026\/#breadcrumb\"},\"inLanguage\":\"pl-PL\",\"potentialAction\":[{\"@type\":\"ReadAction\",\"target\":[\"https:\/\/biz.prawko.pl\/portal\/blog\/praktyczne-szkolenie-zagrozenia-ruch-drogowy-2026\/\"]}]},{\"@type\":\"ImageObject\",\"inLanguage\":\"pl-PL\",\"@id\":\"https:\/\/biz.prawko.pl\/portal\/blog\/praktyczne-szkolenie-zagrozenia-ruch-drogowy-2026\/#primaryimage\",\"url\":\"https:\/\/biz.prawko.pl\/portal\/wp-content\/uploads\/2026\/08\/ChatGPT-Image-25-sie-2026-13_57_37.jpg\",\"contentUrl\":\"https:\/\/biz.prawko.pl\/portal\/wp-content\/uploads\/2026\/08\/ChatGPT-Image-25-sie-2026-13_57_37.jpg\",\"width\":1672,\"height\":941,\"caption\":\"Praktyczne szkolenie kierowc\u00f3w w okresie pr\u00f3bnym\"},{\"@type\":\"BreadcrumbList\",\"@id\":\"https:\/\/biz.prawko.pl\/portal\/blog\/praktyczne-szkolenie-zagrozenia-ruch-drogowy-2026\/#breadcrumb\",\"itemListElement\":[{\"@type\":\"ListItem\",\"position\":1,\"name\":\"Strona g\u0142\u00f3wna\",\"item\":\"https:\/\/biz.prawko.pl\/portal\/\"},{\"@type\":\"ListItem\",\"position\":2,\"name\":\"Rozw\u00f3j OSK\",\"item\":\"https:\/\/biz.prawko.pl\/portal\/blog\/category\/rozwoj-osk\/\"},{\"@type\":\"ListItem\",\"position\":3,\"name\":\"Przepisy prawne\",\"item\":\"https:\/\/biz.prawko.pl\/portal\/blog\/category\/rozwoj-osk\/przepisy-prawne\/\"},{\"@type\":\"ListItem\",\"position\":4,\"name\":\"Praktyczne szkolenie z zagro\u017ce\u0144 w ruchu drogowym od 4 wrze\u015bnia 2026 r.\"}]},{\"@type\":\"WebSite\",\"@id\":\"https:\/\/biz.prawko.pl\/portal\/#website\",\"url\":\"https:\/\/biz.prawko.pl\/portal\/\",\"name\":\"Program Biz.prawko.pl\",\"description\":\"program dla OSK\",\"publisher\":{\"@id\":\"https:\/\/biz.prawko.pl\/portal\/#organization\"},\"potentialAction\":[{\"@type\":\"SearchAction\",\"target\":{\"@type\":\"EntryPoint\",\"urlTemplate\":\"https:\/\/biz.prawko.pl\/portal\/?s={search_term_string}\"},\"query-input\":{\"@type\":\"PropertyValueSpecification\",\"valueRequired\":true,\"valueName\":\"search_term_string\"}}],\"inLanguage\":\"pl-PL\"},{\"@type\":\"Organization\",\"@id\":\"https:\/\/biz.prawko.pl\/portal\/#organization\",\"name\":\"Biz.prawko.pl\",\"url\":\"https:\/\/biz.prawko.pl\/portal\/\",\"logo\":{\"@type\":\"ImageObject\",\"inLanguage\":\"pl-PL\",\"@id\":\"https:\/\/biz.prawko.pl\/portal\/#\/schema\/logo\/image\/\",\"url\":\"https:\/\/biz.prawko.pl\/portal\/wp-content\/uploads\/2021\/04\/bizprawko.jpg\",\"contentUrl\":\"https:\/\/biz.prawko.pl\/portal\/wp-content\/uploads\/2021\/04\/bizprawko.jpg\",\"width\":300,\"height\":300,\"caption\":\"Biz.prawko.pl\"},\"image\":{\"@id\":\"https:\/\/biz.prawko.pl\/portal\/#\/schema\/logo\/image\/\"},\"sameAs\":[\"https:\/\/www.facebook.com\/bizprawkopl\",\"https:\/\/www.youtube.com\/channel\/UC_WQqwrnXJv_p4Gpu-HPa8g\"]},{\"@type\":\"Person\",\"@id\":\"https:\/\/biz.prawko.pl\/portal\/#\/schema\/person\/581a2c81280a5cc7170634b228a789a1\",\"name\":\"Aleksandra Sobolewska\",\"image\":{\"@type\":\"ImageObject\",\"inLanguage\":\"pl-PL\",\"@id\":\"https:\/\/biz.prawko.pl\/portal\/#\/schema\/person\/image\/\",\"url\":\"https:\/\/secure.gravatar.com\/avatar\/2bec0fa9fa13cc19b877c3be7ca817843cc5f7c58cfe4f3c55cf4729dd7d9f28?s=96&d=mm&r=g\",\"contentUrl\":\"https:\/\/secure.gravatar.com\/avatar\/2bec0fa9fa13cc19b877c3be7ca817843cc5f7c58cfe4f3c55cf4729dd7d9f28?s=96&d=mm&r=g\",\"caption\":\"Aleksandra Sobolewska\"},\"url\":\"https:\/\/biz.prawko.pl\/portal\/blog\/author\/aleksandra-sobolewska\/\"}]}<\/script>\n<!-- \/ Yoast SEO plugin. -->","yoast_head_json":{"title":"Praktyczne szkolenie z zagro\u017ce\u0144 w ruchu drogowym od 4 wrze\u015bnia 2026 r. Program Biz.prawko.pl","description":"Od 4 wrze\u015bnia 2026 r. kierowcy w okresie pr\u00f3bnym po zdobyciu 12 punkt\u00f3w przejd\u0105 obowi\u0105zkowe szkolenie praktyczne. Koszt wyniesie 500 z\u0142.","robots":{"index":"index","follow":"follow","max-snippet":"max-snippet:-1","max-image-preview":"max-image-preview:large","max-video-preview":"max-video-preview:-1"},"canonical":"https:\/\/biz.prawko.pl\/portal\/blog\/praktyczne-szkolenie-zagrozenia-ruch-drogowy-2026\/","og_locale":"pl_PL","og_type":"article","og_title":"Praktyczne szkolenie z zagro\u017ce\u0144 w ruchu drogowym od 4 wrze\u015bnia 2026 r. Program Biz.prawko.pl","og_description":"Od 4 wrze\u015bnia 2026 r. kierowcy w okresie pr\u00f3bnym po zdobyciu 12 punkt\u00f3w przejd\u0105 obowi\u0105zkowe szkolenie praktyczne. Koszt wyniesie 500 z\u0142.","og_url":"https:\/\/biz.prawko.pl\/portal\/blog\/praktyczne-szkolenie-zagrozenia-ruch-drogowy-2026\/","og_site_name":"Program Biz.prawko.pl","article_publisher":"https:\/\/www.facebook.com\/bizprawkopl","article_published_time":"2026-08-25T12:02:12+00:00","article_modified_time":"2026-08-25T12:02:13+00:00","og_image":[{"width":1672,"height":941,"url":"https:\/\/biz.prawko.pl\/portal\/wp-content\/uploads\/2026\/08\/ChatGPT-Image-25-sie-2026-13_57_37.jpg","type":"image\/jpeg"}],"author":"Aleksandra Sobolewska","twitter_card":"summary_large_image","twitter_misc":{"Napisane przez":"Aleksandra Sobolewska","Szacowany czas czytania":"3 minuty"},"schema":{"@context":"https:\/\/schema.org","@graph":[{"@type":"Article","@id":"https:\/\/biz.prawko.pl\/portal\/blog\/praktyczne-szkolenie-zagrozenia-ruch-drogowy-2026\/#article","isPartOf":{"@id":"https:\/\/biz.prawko.pl\/portal\/blog\/praktyczne-szkolenie-zagrozenia-ruch-drogowy-2026\/"},"author":{"name":"Aleksandra Sobolewska","@id":"https:\/\/biz.prawko.pl\/portal\/#\/schema\/person\/581a2c81280a5cc7170634b228a789a1"},"headline":"Praktyczne szkolenie z zagro\u017ce\u0144 w ruchu drogowym od 4 wrze\u015bnia 2026 r.","datePublished":"2026-08-25T12:02:12+00:00","dateModified":"2026-08-25T12:02:13+00:00","mainEntityOfPage":{"@id":"https:\/\/biz.prawko.pl\/portal\/blog\/praktyczne-szkolenie-zagrozenia-ruch-drogowy-2026\/"},"wordCount":584,"publisher":{"@id":"https:\/\/biz.prawko.pl\/portal\/#organization"},"image":{"@id":"https:\/\/biz.prawko.pl\/portal\/blog\/praktyczne-szkolenie-zagrozenia-ruch-drogowy-2026\/#primaryimage"},"thumbnailUrl":"https:\/\/biz.prawko.pl\/portal\/wp-content\/uploads\/2026\/08\/ChatGPT-Image-25-sie-2026-13_57_37.jpg","keywords":["12 punkt\u00f3w karnych","instruktor nauki jady","m\u0142odzi kierowcy","nauka jazdy","odtj","okres pr\u00f3bny","OSK","o\u015brodek doskonalenia techniki jazdy","praktyczne szkolenie kierowc\u00f3w","prawo jazdy","prawo jazdy od 17 lat","punkty karne","szko\u0142a jazdy","szkolenie kierowc\u00f3w","zagro\u017cenia w ruchu drogowym"],"articleSection":["Przepisy prawne"],"inLanguage":"pl-PL"},{"@type":"WebPage","@id":"https:\/\/biz.prawko.pl\/portal\/blog\/praktyczne-szkolenie-zagrozenia-ruch-drogowy-2026\/","url":"https:\/\/biz.prawko.pl\/portal\/blog\/praktyczne-szkolenie-zagrozenia-ruch-drogowy-2026\/","name":"Praktyczne szkolenie z zagro\u017ce\u0144 w ruchu drogowym od 4 wrze\u015bnia 2026 r. Program Biz.prawko.pl","isPartOf":{"@id":"https:\/\/biz.prawko.pl\/portal\/#website"},"primaryImageOfPage":{"@id":"https:\/\/biz.prawko.pl\/portal\/blog\/praktyczne-szkolenie-zagrozenia-ruch-drogowy-2026\/#primaryimage"},"image":{"@id":"https:\/\/biz.prawko.pl\/portal\/blog\/praktyczne-szkolenie-zagrozenia-ruch-drogowy-2026\/#primaryimage"},"thumbnailUrl":"https:\/\/biz.prawko.pl\/portal\/wp-content\/uploads\/2026\/08\/ChatGPT-Image-25-sie-2026-13_57_37.jpg","datePublished":"2026-08-25T12:02:12+00:00","dateModified":"2026-08-25T12:02:13+00:00","description":"Od 4 wrze\u015bnia 2026 r. kierowcy w okresie pr\u00f3bnym po zdobyciu 12 punkt\u00f3w przejd\u0105 obowi\u0105zkowe szkolenie praktyczne. Koszt wyniesie 500 z\u0142.","breadcrumb":{"@id":"https:\/\/biz.prawko.pl\/portal\/blog\/praktyczne-szkolenie-zagrozenia-ruch-drogowy-2026\/#breadcrumb"},"inLanguage":"pl-PL","potentialAction":[{"@type":"ReadAction","target":["https:\/\/biz.prawko.pl\/portal\/blog\/praktyczne-szkolenie-zagrozenia-ruch-drogowy-2026\/"]}]},{"@type":"ImageObject","inLanguage":"pl-PL","@id":"https:\/\/biz.prawko.pl\/portal\/blog\/praktyczne-szkolenie-zagrozenia-ruch-drogowy-2026\/#primaryimage","url":"https:\/\/biz.prawko.pl\/portal\/wp-content\/uploads\/2026\/08\/ChatGPT-Image-25-sie-2026-13_57_37.jpg","contentUrl":"https:\/\/biz.prawko.pl\/portal\/wp-content\/uploads\/2026\/08\/ChatGPT-Image-25-sie-2026-13_57_37.jpg","width":1672,"height":941,"caption":"Praktyczne szkolenie kierowc\u00f3w w okresie pr\u00f3bnym"},{"@type":"BreadcrumbList","@id":"https:\/\/biz.prawko.pl\/portal\/blog\/praktyczne-szkolenie-zagrozenia-ruch-drogowy-2026\/#breadcrumb","itemListElement":[{"@type":"ListItem","position":1,"name":"Strona g\u0142\u00f3wna","item":"https:\/\/biz.prawko.pl\/portal\/"},{"@type":"ListItem","position":2,"name":"Rozw\u00f3j OSK","item":"https:\/\/biz.prawko.pl\/portal\/blog\/category\/rozwoj-osk\/"},{"@type":"ListItem","position":3,"name":"Przepisy prawne","item":"https:\/\/biz.prawko.pl\/portal\/blog\/category\/rozwoj-osk\/przepisy-prawne\/"},{"@type":"ListItem","position":4,"name":"Praktyczne szkolenie z zagro\u017ce\u0144 w ruchu drogowym od 4 wrze\u015bnia 2026 r."}]},{"@type":"WebSite","@id":"https:\/\/biz.prawko.pl\/portal\/#website","url":"https:\/\/biz.prawko.pl\/portal\/","name":"Program Biz.prawko.pl","description":"program dla OSK","publisher":{"@id":"https:\/\/biz.prawko.pl\/portal\/#organization"},"potentialAction":[{"@type":"SearchAction","target":{"@type":"EntryPoint","urlTemplate":"https:\/\/biz.prawko.pl\/portal\/?s={search_term_string}"},"query-input":{"@type":"PropertyValueSpecification","valueRequired":true,"valueName":"search_term_string"}}],"inLanguage":"pl-PL"},{"@type":"Organization","@id":"https:\/\/biz.prawko.pl\/portal\/#organization","name":"Biz.prawko.pl","url":"https:\/\/biz.prawko.pl\/portal\/","logo":{"@type":"ImageObject","inLanguage":"pl-PL","@id":"https:\/\/biz.prawko.pl\/portal\/#\/schema\/logo\/image\/","url":"https:\/\/biz.prawko.pl\/portal\/wp-content\/uploads\/2021\/04\/bizprawko.jpg","contentUrl":"https:\/\/biz.prawko.pl\/portal\/wp-content\/uploads\/2021\/04\/bizprawko.jpg","width":300,"height":300,"caption":"Biz.prawko.pl"},"image":{"@id":"https:\/\/biz.prawko.pl\/portal\/#\/schema\/logo\/image\/"},"sameAs":["https:\/\/www.facebook.com\/bizprawkopl","https:\/\/www.youtube.com\/channel\/UC_WQqwrnXJv_p4Gpu-HPa8g"]},{"@type":"Person","@id":"https:\/\/biz.prawko.pl\/portal\/#\/schema\/person\/581a2c81280a5cc7170634b228a789a1","name":"Aleksandra Sobolewska","image":{"@type":"ImageObject","inLanguage":"pl-PL","@id":"https:\/\/biz.prawko.pl\/portal\/#\/schema\/person\/image\/","url":"https:\/\/secure.gravatar.com\/avatar\/2bec0fa9fa13cc19b877c3be7ca817843cc5f7c58cfe4f3c55cf4729dd7d9f28?s=96&d=mm&r=g","contentUrl":"https:\/\/secure.gravatar.com\/avatar\/2bec0fa9fa13cc19b877c3be7ca817843cc5f7c58cfe4f3c55cf4729dd7d9f28?s=96&d=mm&r=g","caption":"Aleksandra Sobolewska"},"url":"https:\/\/biz.prawko.pl\/portal\/blog\/author\/aleksandra-sobolewska\/"}]}},"author_meta":{"display_name":"Aleksandra Sobolewska","author_link":"https:\/\/biz.prawko.pl\/portal\/blog\/author\/aleksandra-sobolewska\/"},"featured_img":"https:\/\/biz.prawko.pl\/portal\/wp-content\/uploads\/2026\/08\/ChatGPT-Image-25-sie-2026-13_57_37-300x169.jpg","uagb_featured_image_src":{"full":["https:\/\/biz.prawko.pl\/portal\/wp-content\/uploads\/2026\/08\/ChatGPT-Image-25-sie-2026-13_57_37.jpg",1672,941,false],"thumbnail":["https:\/\/biz.prawko.pl\/portal\/wp-content\/uploads\/2026\/08\/ChatGPT-Image-25-sie-2026-13_57_37-150x150.jpg",150,150,true],"medium":["https:\/\/biz.prawko.pl\/portal\/wp-content\/uploads\/2026\/08\/ChatGPT-Image-25-sie-2026-13_57_37-300x169.jpg",300,169,true],"medium_large":["https:\/\/biz.prawko.pl\/portal\/wp-content\/uploads\/2026\/08\/ChatGPT-Image-25-sie-2026-13_57_37-768x432.jpg",768,432,true],"large":["https:\/\/biz.prawko.pl\/portal\/wp-content\/uploads\/2026\/08\/ChatGPT-Image-25-sie-2026-13_57_37-1024x576.jpg",1024,576,true],"1536x1536":["https:\/\/biz.prawko.pl\/portal\/wp-content\/uploads\/2026\/08\/ChatGPT-Image-25-sie-2026-13_57_37-1536x864.jpg",1536,864,true],"2048x2048":["https:\/\/biz.prawko.pl\/portal\/wp-content\/uploads\/2026\/08\/ChatGPT-Image-25-sie-2026-13_57_37.jpg",1672,941,false],"neve-blog":["https:\/\/biz.prawko.pl\/portal\/wp-content\/uploads\/2026\/08\/ChatGPT-Image-25-sie-2026-13_57_37-930x620.jpg",930,620,true]},"uagb_author_info":{"display_name":"Aleksandra Sobolewska","author_link":"https:\/\/biz.prawko.pl\/portal\/blog\/author\/aleksandra-sobolewska\/"},"uagb_comment_info":0,"uagb_excerpt":"24 sierpnia Rz\u0105dowe Centrum Legislacji opublikowa\u0142o Rozporz\u0105dzenie Ministra dotycz\u0105ce praktycznego szkolenia w zakresie zagro\u017ce\u0144 w ruchu drogowym. Rozporz\u0105dzenie okre\u015bla program szkolenia, wz\u00f3r za\u015bwiadczenia potwierdzaj\u0105cego jego uko\u0144czenie oraz wysoko\u015b\u0107 op\u0142aty za szkolenie w wysoko\u015bci 500z\u0142. Kogo obejmie obowi\u0105zkowe szkolenie dla kierowc\u00f3w? Szkolenie b\u0119dzie obowi\u0105zkowe dla kierowcy, kt\u00f3ry w okresie pr\u00f3bnym zdob\u0119dzie 12 punkt\u00f3w za naruszenie przepis\u00f3w&hellip;&nbsp;Czytaj&hellip;","coauthors":[],"tax_additional":{"categories":{"linked":["<a href=\"https:\/\/biz.prawko.pl\/portal\/blog\/category\/rozwoj-osk\/przepisy-prawne\/\" class=\"advgb-post-tax-term\">Przepisy prawne<\/a>"],"unlinked":["<span class=\"advgb-post-tax-term\">Przepisy prawne<\/span>"]},"tags":{"linked":["<a href=\"https:\/\/biz.prawko.pl\/portal\/blog\/category\/rozwoj-osk\/przepisy-prawne\/\" class=\"advgb-post-tax-term\">12 punkt\u00f3w karnych<\/a>","<a href=\"https:\/\/biz.prawko.pl\/portal\/blog\/category\/rozwoj-osk\/przepisy-prawne\/\" class=\"advgb-post-tax-term\">instruktor nauki jady<\/a>","<a href=\"https:\/\/biz.prawko.pl\/portal\/blog\/category\/rozwoj-osk\/przepisy-prawne\/\" class=\"advgb-post-tax-term\">m\u0142odzi kierowcy<\/a>","<a href=\"https:\/\/biz.prawko.pl\/portal\/blog\/category\/rozwoj-osk\/przepisy-prawne\/\" class=\"advgb-post-tax-term\">nauka jazdy<\/a>","<a href=\"https:\/\/biz.prawko.pl\/portal\/blog\/category\/rozwoj-osk\/przepisy-prawne\/\" class=\"advgb-post-tax-term\">odtj<\/a>","<a href=\"https:\/\/biz.prawko.pl\/portal\/blog\/category\/rozwoj-osk\/przepisy-prawne\/\" class=\"advgb-post-tax-term\">okres pr\u00f3bny<\/a>","<a href=\"https:\/\/biz.prawko.pl\/portal\/blog\/category\/rozwoj-osk\/przepisy-prawne\/\" class=\"advgb-post-tax-term\">OSK<\/a>","<a href=\"https:\/\/biz.prawko.pl\/portal\/blog\/category\/rozwoj-osk\/przepisy-prawne\/\" class=\"advgb-post-tax-term\">o\u015brodek doskonalenia techniki jazdy<\/a>","<a href=\"https:\/\/biz.prawko.pl\/portal\/blog\/category\/rozwoj-osk\/przepisy-prawne\/\" class=\"advgb-post-tax-term\">praktyczne szkolenie kierowc\u00f3w<\/a>","<a href=\"https:\/\/biz.prawko.pl\/portal\/blog\/category\/rozwoj-osk\/przepisy-prawne\/\" class=\"advgb-post-tax-term\">prawo jazdy<\/a>","<a href=\"https:\/\/biz.prawko.pl\/portal\/blog\/category\/rozwoj-osk\/przepisy-prawne\/\" class=\"advgb-post-tax-term\">prawo jazdy od 17 lat<\/a>","<a href=\"https:\/\/biz.prawko.pl\/portal\/blog\/category\/rozwoj-osk\/przepisy-prawne\/\" class=\"advgb-post-tax-term\">punkty karne<\/a>","<a href=\"https:\/\/biz.prawko.pl\/portal\/blog\/category\/rozwoj-osk\/przepisy-prawne\/\" class=\"advgb-post-tax-term\">szko\u0142a jazdy<\/a>","<a href=\"https:\/\/biz.prawko.pl\/portal\/blog\/category\/rozwoj-osk\/przepisy-prawne\/\" class=\"advgb-post-tax-term\">szkolenie kierowc\u00f3w<\/a>","<a href=\"https:\/\/biz.prawko.pl\/portal\/blog\/category\/rozwoj-osk\/przepisy-prawne\/\" class=\"advgb-post-tax-term\">zagro\u017cenia w ruchu drogowym<\/a>"],"unlinked":["<span class=\"advgb-post-tax-term\">12 punkt\u00f3w karnych<\/span>","<span class=\"advgb-post-tax-term\">instruktor nauki jady<\/span>","<span class=\"advgb-post-tax-term\">m\u0142odzi kierowcy<\/span>","<span class=\"advgb-post-tax-term\">nauka jazdy<\/span>","<span class=\"advgb-post-tax-term\">odtj<\/span>","<span class=\"advgb-post-tax-term\">okres pr\u00f3bny<\/span>","<span class=\"advgb-post-tax-term\">OSK<\/span>","<span class=\"advgb-post-tax-term\">o\u015brodek doskonalenia techniki jazdy<\/span>","<span class=\"advgb-post-tax-term\">praktyczne szkolenie kierowc\u00f3w<\/span>","<span class=\"advgb-post-tax-term\">prawo jazdy<\/span>","<span class=\"advgb-post-tax-term\">prawo jazdy od 17 lat<\/span>","<span class=\"advgb-post-tax-term\">punkty karne<\/span>","<span class=\"advgb-post-tax-term\">szko\u0142a jazdy<\/span>","<span class=\"advgb-post-tax-term\">szkolenie kierowc\u00f3w<\/span>","<span class=\"advgb-post-tax-term\">zagro\u017cenia w ruchu drogowym<\/span>"]}},"comment_count":"0","relative_dates":{"created":"Posted 5 dni ago","modified":"Updated 5 dni ago"},"absolute_dates":{"created":"Posted on 25 sierpnia 2026","modified":"Updated on 25 sierpnia 2026"},"absolute_dates_time":{"created":"Posted on 25 sierpnia 2026 14:02","modified":"Updated on 25 sierpnia 2026 14:02"},"featured_img_caption":"Praktyczne szkolenie kierowc\u00f3w w okresie pr\u00f3bnym","series_order":"","_links":{"self":[{"href":"https:\/\/biz.prawko.pl\/portal\/wp-json\/wp\/v2\/posts\/7456","targetHints":{"allow":["GET"]}}],"collection":[{"href":"https:\/\/biz.prawko.pl\/portal\/wp-json\/wp\/v2\/posts"}],"about":[{"href":"https:\/\/biz.prawko.pl\/portal\/wp-json\/wp\/v2\/types\/post"}],"author":[{"embeddable":true,"href":"https:\/\/biz.prawko.pl\/portal\/wp-json\/wp\/v2\/users\/11"}],"replies":[{"embeddable":true,"href":"https:\/\/biz.prawko.pl\/portal\/wp-json\/wp\/v2\/comments?post=7456"}],"version-history":[{"count":2,"href":"https:\/\/biz.prawko.pl\/portal\/wp-json\/wp\/v2\/posts\/7456\/revisions"}],"predecessor-version":[{"id":7459,"href":"https:\/\/biz.prawko.pl\/portal\/wp-json\/wp\/v2\/posts\/7456\/revisions\/7459"}],"wp:featuredmedia":[{"embeddable":true,"href":"https:\/\/biz.prawko.pl\/portal\/wp-json\/wp\/v2\/media\/7460"}],"wp:attachment":[{"href":"https:\/\/biz.prawko.pl\/portal\/wp-json\/wp\/v2\/media?parent=7456"}],"wp:term":[{"taxonomy":"category","embeddable":true,"href":"https:\/\/biz.prawko.pl\/portal\/wp-json\/wp\/v2\/categories?post=7456"},{"taxonomy":"post_tag","embeddable":true,"href":"https:\/\/biz.prawko.pl\/portal\/wp-json\/wp\/v2\/tags?post=7456"}],"curies":[{"name":"wp","href":"https:\/\/api.w.org\/{rel}","templated":true}]}}